{"id":4644,"date":"2023-07-09T08:45:46","date_gmt":"2023-07-09T08:45:46","guid":{"rendered":"https:\/\/statorials.org\/pl\/excel-oblicz-wiek-dd-mm-rrrr\/"},"modified":"2023-07-09T08:45:46","modified_gmt":"2023-07-09T08:45:46","slug":"excel-oblicz-wiek-dd-mm-rrrr","status":"publish","type":"post","link":"https:\/\/statorials.org\/pl\/excel-oblicz-wiek-dd-mm-rrrr\/","title":{"rendered":"Excel: jak obliczy\u0107 wiek w dd\/mm\/rrrr"},"content":{"rendered":"<p><\/p>\n<hr>\n<p><span style=\"color: #000000;\">Aby obliczy\u0107 wiek na podstawie daty urodzenia w formacie dd\/mm\/rrrr w programie Excel, mo\u017cesz skorzysta\u0107 z nast\u0119puj\u0105cych wzor\u00f3w:<\/span><\/p>\n<p> <span style=\"color: #000000;\"><strong>Wz\u00f3r 1: Oblicz wiek w latach (np. 32 lata)<\/strong><\/span><\/p>\n<pre style=\"background-color: #ececec; font-size: 17px;\"> <span style=\"color: #000000;\"><strong><span class=\" default-formula-text-color\" dir=\"auto\">=DATEDIF( <span style=\"color: #3366ff;\">B2<\/span> ,NOW(),\"y\")\n<\/span><\/strong><\/span><\/pre>\n<p> <span style=\"color: #000000;\"><strong>Wz\u00f3r 2: Oblicz wiek w latach dziesi\u0119tnych (np. 32,597 lat)<\/strong><\/span><\/p>\n<pre style=\"background-color: #ececec; font-size: 17px;\"> <strong>=YEARFRAC( <span style=\"color: #3366ff;\">B2<\/span> ,NOW())<\/strong><\/pre>\n<p> <span style=\"color: #000000;\"><strong>Wz\u00f3r 3: Oblicz wiek w latach, miesi\u0105cach, dniach (np. 32 lata, 7 miesi\u0119cy, 5 dni)<\/strong><\/span><\/p>\n<pre style=\"background-color: #ececec; font-size: 17px;\"> <span style=\"color: #000000;\"><strong><span class=\" default-formula-text-color\" dir=\"auto\">=DATEDIF( <span style=\"color: #3366ff;\">B2<\/span> ,TODAY(),\"y\")&amp;\" years, \"&amp;DATEDIF( <span style=\"color: #3366ff;\">B2<\/span> ,TODAY(),\"ym\")&amp;\" months, \"&amp;DATEDIF( <span style=\"color: #3366ff;\">B2<\/span> ,TODAY(),\"md\")&amp;\" days \"<\/span><\/strong><\/span><\/pre>\n<p> <span style=\"color: #000000;\">Ka\u017cda formu\u0142a zak\u0142ada, \u017ce data urodzenia znajduje si\u0119 w kom\u00f3rce <strong>B2<\/strong> .<\/span><\/p>\n<p> <span style=\"color: #000000;\">Poni\u017csze przyk\u0142ady pokazuj\u0105, jak w praktyce wykorzysta\u0107 ka\u017cd\u0105 formu\u0142\u0119 z poni\u017csz\u0105 list\u0105 dat urodzenia w Excelu:<\/span> <\/p>\n<p><img decoding=\"async\" loading=\"lazy\" class=\" wp-image-36239 aligncenter\" src=\"https:\/\/statorials.org\/wp-content\/uploads\/2023\/08\/x1.png\" alt=\"\" width=\"493\" height=\"459\" srcset=\"\" sizes=\"auto, \"><\/p>\n<h2> <span style=\"color: #000000;\"><strong>Przyk\u0142ad 1: Oblicz wiek w latach<\/strong><\/span><\/h2>\n<p> <span style=\"color: #000000;\">Aby przeliczy\u0107 dat\u0119 urodzenia na wiek dla kom\u00f3rki <strong>B2<\/strong> , mo\u017cemy wpisa\u0107 w kom\u00f3rce <strong>C2<\/strong> nast\u0119puj\u0105c\u0105 formu\u0142\u0119:<\/span><\/p>\n<pre style=\"background-color: #ececec; font-size: 17px;\"> <span style=\"color: #000000;\"><strong><span class=\" default-formula-text-color\" dir=\"auto\">=DATEDIF( <span style=\"color: #3366ff;\">A2<\/span> ,TODAY(),\"y\")<\/span><\/strong><\/span><\/pre>\n<p> <span style=\"color: #000000;\">Mo\u017cemy nast\u0119pnie klikn\u0105\u0107 i przeci\u0105gn\u0105\u0107 t\u0119 formu\u0142\u0119 do ka\u017cdej pozosta\u0142ej kom\u00f3rki w kolumnie C:<\/span> <\/p>\n<p><img decoding=\"async\" loading=\"lazy\" class=\" wp-image-36240 aligncenter\" src=\"https:\/\/statorials.org\/wp-content\/uploads\/2023\/08\/x2.png\" alt=\"\" width=\"485\" height=\"446\" srcset=\"\" sizes=\"auto, \"><\/p>\n<p> <span style=\"color: #000000;\">Kolumna C wy\u015bwietla wiek dla ka\u017cdej daty urodzenia w kolumnie B w latach.<\/span><\/p>\n<h2> <span style=\"color: #000000;\"><strong>Przyk\u0142ad 2: Oblicz wiek w latach dziesi\u0119tnych<\/strong><\/span><\/h2>\n<p> <span style=\"color: #000000;\">Aby przeliczy\u0107 dat\u0119 urodzenia na wiek w latach dziesi\u0119tnych dla kom\u00f3rki <strong>B2<\/strong> , mo\u017cemy wpisa\u0107 w kom\u00f3rce <strong>C2<\/strong> nast\u0119puj\u0105c\u0105 formu\u0142\u0119:<\/span><\/p>\n<pre style=\"background-color: #ececec; font-size: 17px;\"> <strong>=YEARFRAC( <span style=\"color: #3366ff;\">B2<\/span> , <span style=\"color: #000000;\"><span class=\" default-formula-text-color\" dir=\"auto\">TODAY<\/span><\/span> ())<\/strong><\/pre>\n<p> <span style=\"color: #000000;\">Mo\u017cemy nast\u0119pnie klikn\u0105\u0107 i przeci\u0105gn\u0105\u0107 t\u0119 formu\u0142\u0119 do ka\u017cdej pozosta\u0142ej kom\u00f3rki w kolumnie C:<\/span> <\/p>\n<p><img decoding=\"async\" loading=\"lazy\" class=\" wp-image-36241 aligncenter\" src=\"https:\/\/statorials.org\/wp-content\/uploads\/2023\/08\/x3.png\" alt=\"\" width=\"460\" height=\"420\" srcset=\"\" sizes=\"auto, \"><\/p>\n<p> <span style=\"color: #000000;\">Kolumna C wy\u015bwietla wiek dla ka\u017cdej daty urodzenia w kolumnie B w postaci lat dziesi\u0119tnych.<\/span><\/p>\n<h2> <span style=\"color: #000000;\"><strong>Przyk\u0142ad 3: Oblicz wiek w latach, miesi\u0105cach i dniach<\/strong><\/span><\/h2>\n<p> <span style=\"color: #000000;\">Aby obliczy\u0107 wiek w latach, miesi\u0105cach i dniach dla kom\u00f3rki <strong>B2<\/strong> , mo\u017cemy wpisa\u0107 nast\u0119puj\u0105c\u0105 formu\u0142\u0119 w kom\u00f3rce <strong>C2<\/strong> :<\/span><\/p>\n<pre style=\"background-color: #ececec; font-size: 17px;\"> <span style=\"color: #000000;\"><strong><span class=\" default-formula-text-color\" dir=\"auto\">=DATEDIF( <span style=\"color: #3366ff;\">B2<\/span> ,TODAY(),\"y\")&amp;\" years, \"&amp;DATEDIF( <span style=\"color: #3366ff;\">B2<\/span> ,TODAY(),\"ym\")&amp;\" months, \"&amp;DATEDIF( <span style=\"color: #3366ff;\">B2<\/span> ,TODAY(),\"md\")&amp;\" days \"<\/span><\/strong><\/span><\/pre>\n<p> <span style=\"color: #000000;\">Mo\u017cemy nast\u0119pnie klikn\u0105\u0107 i przeci\u0105gn\u0105\u0107 t\u0119 formu\u0142\u0119 do ka\u017cdej pozosta\u0142ej kom\u00f3rki w kolumnie C:<\/span> <\/p>\n<p><img decoding=\"async\" loading=\"lazy\" class=\"aligncenter wp-image-36242\" src=\"https:\/\/statorials.org\/wp-content\/uploads\/2023\/08\/x4.png\" alt=\"Excel oblicza wiek w formacie dd\/mm\/rrrr\" width=\"514\" height=\"453\" srcset=\"\" sizes=\"auto, \"><\/p>\n<p> <span style=\"color: #000000;\">Kolumna C wy\u015bwietla wiek dla ka\u017cdej daty urodzenia w kolumnie B w postaci lat, miesi\u0119cy i dni.<\/span><\/p>\n<h2> <span style=\"color: #000000;\"><strong>Dodatkowe zasoby<\/strong><\/span><\/h2>\n<p> <span style=\"color: #000000;\">Poni\u017csze samouczki wyja\u015bniaj\u0105, jak wykonywa\u0107 inne typowe zadania w programie Excel:<\/span><\/p>\n<p> <a href=\"https:\/\/statorials.org\/pl\/miesiac-excela-pomiedzy-datami\/\" target=\"_blank\" rel=\"noopener\">Jak obliczy\u0107 liczb\u0119 miesi\u0119cy mi\u0119dzy datami w programie Excel<\/a><br \/> <a href=\"https:\/\/statorials.org\/pl\/excel-konwertuje-date-miesiac-i-rok\/\" target=\"_blank\" rel=\"noopener\">Jak przekonwertowa\u0107 dat\u0119 na format miesi\u0105ca i roku w programie Excel<\/a><br \/> <a href=\"https:\/\/statorials.org\/pl\/srednia-miesieczna-w-excelu\/\" target=\"_blank\" rel=\"noopener\">Jak obliczy\u0107 \u015bredni\u0105 miesi\u0119czn\u0105 w Excelu<\/a><\/p>\n","protected":false},"excerpt":{"rendered":"<p>Aby obliczy\u0107 wiek na podstawie daty urodzenia w formacie dd\/mm\/rrrr w programie Excel, mo\u017cesz skorzysta\u0107 z nast\u0119puj\u0105cych wzor\u00f3w: Wz\u00f3r 1: Oblicz wiek w latach (np. 32 lata) =DATEDIF( B2 ,NOW(),&#8221;y&#8221;) Wz\u00f3r 2: Oblicz wiek w latach dziesi\u0119tnych (np. 32,597 lat) =YEARFRAC( B2 ,NOW()) Wz\u00f3r 3: Oblicz wiek w latach, miesi\u0105cach, dniach (np. 32 lata, 7 [&hellip;]<\/p>\n","protected":false},"author":1,"featured_media":0,"comment_status":"open","ping_status":"open","sticky":false,"template":"","format":"standard","meta":{"footnotes":""},"categories":[3],"tags":[],"class_list":["post-4644","post","type-post","status-publish","format-standard","hentry","category-przewodnik"],"yoast_head":"<!-- This site is optimized with the Yoast SEO plugin v21.5 - https:\/\/yoast.com\/wordpress\/plugins\/seo\/ -->\n<title>Excel: Jak obliczy\u0107 wiek w dd\/mm\/rrrr - Statorials<\/title>\n<meta name=\"description\" content=\"W tym samouczku wyja\u015bniono, jak obliczy\u0107 wiek w programie Excel przy u\u017cyciu daty w formacie dd\/mm\/rrrr, z kilkoma przyk\u0142adami.\" \/>\n<meta name=\"robots\" content=\"index, follow, max-snippet:-1, max-image-preview:large, max-video-preview:-1\" \/>\n<link rel=\"canonical\" href=\"https:\/\/statorials.org\/pl\/excel-oblicz-wiek-dd-mm-rrrr\/\" \/>\n<meta property=\"og:locale\" content=\"pl_PL\" \/>\n<meta property=\"og:type\" content=\"article\" \/>\n<meta property=\"og:title\" content=\"Excel: Jak obliczy\u0107 wiek w dd\/mm\/rrrr - Statorials\" \/>\n<meta property=\"og:description\" content=\"W tym samouczku wyja\u015bniono, jak obliczy\u0107 wiek w programie Excel przy u\u017cyciu daty w formacie dd\/mm\/rrrr, z kilkoma przyk\u0142adami.\" \/>\n<meta property=\"og:url\" content=\"https:\/\/statorials.org\/pl\/excel-oblicz-wiek-dd-mm-rrrr\/\" \/>\n<meta property=\"og:site_name\" content=\"Statorials\" \/>\n<meta property=\"article:published_time\" content=\"2023-07-09T08:45:46+00:00\" \/>\n<meta property=\"og:image\" content=\"https:\/\/statorials.org\/wp-content\/uploads\/2023\/08\/x1.png\" \/>\n<meta name=\"author\" content=\"Benjamin Anderson\" \/>\n<meta name=\"twitter:card\" content=\"summary_large_image\" \/>\n<meta name=\"twitter:label1\" content=\"Napisane przez\" \/>\n\t<meta name=\"twitter:data1\" content=\"Benjamin Anderson\" \/>\n\t<meta name=\"twitter:label2\" content=\"Szacowany czas czytania\" \/>\n\t<meta name=\"twitter:data2\" content=\"2 minuty\" \/>\n<script type=\"application\/ld+json\" class=\"yoast-schema-graph\">{\"@context\":\"https:\/\/schema.org\",\"@graph\":[{\"@type\":\"WebPage\",\"@id\":\"https:\/\/statorials.org\/pl\/excel-oblicz-wiek-dd-mm-rrrr\/\",\"url\":\"https:\/\/statorials.org\/pl\/excel-oblicz-wiek-dd-mm-rrrr\/\",\"name\":\"Excel: Jak obliczy\u0107 wiek w dd\/mm\/rrrr - Statorials\",\"isPartOf\":{\"@id\":\"https:\/\/statorials.org\/pl\/#website\"},\"datePublished\":\"2023-07-09T08:45:46+00:00\",\"dateModified\":\"2023-07-09T08:45:46+00:00\",\"author\":{\"@id\":\"https:\/\/statorials.org\/pl\/#\/schema\/person\/6484727a4612df3e69f016c3129c6965\"},\"description\":\"W tym samouczku wyja\u015bniono, jak obliczy\u0107 wiek w programie Excel przy u\u017cyciu daty w formacie dd\/mm\/rrrr, z kilkoma przyk\u0142adami.\",\"breadcrumb\":{\"@id\":\"https:\/\/statorials.org\/pl\/excel-oblicz-wiek-dd-mm-rrrr\/#breadcrumb\"},\"inLanguage\":\"pl-PL\",\"potentialAction\":[{\"@type\":\"ReadAction\",\"target\":[\"https:\/\/statorials.org\/pl\/excel-oblicz-wiek-dd-mm-rrrr\/\"]}]},{\"@type\":\"BreadcrumbList\",\"@id\":\"https:\/\/statorials.org\/pl\/excel-oblicz-wiek-dd-mm-rrrr\/#breadcrumb\",\"itemListElement\":[{\"@type\":\"ListItem\",\"position\":1,\"name\":\"Dom\",\"item\":\"https:\/\/statorials.org\/pl\/\"},{\"@type\":\"ListItem\",\"position\":2,\"name\":\"Excel: jak obliczy\u0107 wiek w dd\/mm\/rrrr\"}]},{\"@type\":\"WebSite\",\"@id\":\"https:\/\/statorials.org\/pl\/#website\",\"url\":\"https:\/\/statorials.org\/pl\/\",\"name\":\"Statorials\",\"description\":\"Tw\u00f3j przewodnik po kompetencjach statystycznych!\",\"potentialAction\":[{\"@type\":\"SearchAction\",\"target\":{\"@type\":\"EntryPoint\",\"urlTemplate\":\"https:\/\/statorials.org\/pl\/?s={search_term_string}\"},\"query-input\":\"required name=search_term_string\"}],\"inLanguage\":\"pl-PL\"},{\"@type\":\"Person\",\"@id\":\"https:\/\/statorials.org\/pl\/#\/schema\/person\/6484727a4612df3e69f016c3129c6965\",\"name\":\"Benjamin Anderson\",\"image\":{\"@type\":\"ImageObject\",\"inLanguage\":\"pl-PL\",\"@id\":\"https:\/\/statorials.org\/pl\/#\/schema\/person\/image\/\",\"url\":\"https:\/\/statorials.org\/pl\/wp-content\/uploads\/2023\/11\/Benjamin-Anderson-96x96.jpg\",\"contentUrl\":\"https:\/\/statorials.org\/pl\/wp-content\/uploads\/2023\/11\/Benjamin-Anderson-96x96.jpg\",\"caption\":\"Benjamin Anderson\"},\"description\":\"Cze\u015b\u0107, jestem Benjamin i jestem emerytowanym profesorem statystyki, kt\u00f3ry zosta\u0142 oddanym nauczycielem Statorials. Dzi\u0119ki bogatemu do\u015bwiadczeniu i wiedzy specjalistycznej w dziedzinie statystyki ch\u0119tnie dziel\u0119 si\u0119 swoj\u0105 wiedz\u0105, aby wzmocni\u0107 pozycj\u0119 uczni\u00f3w za po\u015brednictwem Statorials. Wiedzie\u0107 wi\u0119cej\",\"sameAs\":[\"https:\/\/statorials.org\/pl\"]}]}<\/script>\n<!-- \/ Yoast SEO plugin. -->","yoast_head_json":{"title":"Excel: Jak obliczy\u0107 wiek w dd\/mm\/rrrr - Statorials","description":"W tym samouczku wyja\u015bniono, jak obliczy\u0107 wiek w programie Excel przy u\u017cyciu daty w formacie dd\/mm\/rrrr, z kilkoma przyk\u0142adami.","robots":{"index":"index","follow":"follow","max-snippet":"max-snippet:-1","max-image-preview":"max-image-preview:large","max-video-preview":"max-video-preview:-1"},"canonical":"https:\/\/statorials.org\/pl\/excel-oblicz-wiek-dd-mm-rrrr\/","og_locale":"pl_PL","og_type":"article","og_title":"Excel: Jak obliczy\u0107 wiek w dd\/mm\/rrrr - Statorials","og_description":"W tym samouczku wyja\u015bniono, jak obliczy\u0107 wiek w programie Excel przy u\u017cyciu daty w formacie dd\/mm\/rrrr, z kilkoma przyk\u0142adami.","og_url":"https:\/\/statorials.org\/pl\/excel-oblicz-wiek-dd-mm-rrrr\/","og_site_name":"Statorials","article_published_time":"2023-07-09T08:45:46+00:00","og_image":[{"url":"https:\/\/statorials.org\/wp-content\/uploads\/2023\/08\/x1.png"}],"author":"Benjamin Anderson","twitter_card":"summary_large_image","twitter_misc":{"Napisane przez":"Benjamin Anderson","Szacowany czas czytania":"2 minuty"},"schema":{"@context":"https:\/\/schema.org","@graph":[{"@type":"WebPage","@id":"https:\/\/statorials.org\/pl\/excel-oblicz-wiek-dd-mm-rrrr\/","url":"https:\/\/statorials.org\/pl\/excel-oblicz-wiek-dd-mm-rrrr\/","name":"Excel: Jak obliczy\u0107 wiek w dd\/mm\/rrrr - Statorials","isPartOf":{"@id":"https:\/\/statorials.org\/pl\/#website"},"datePublished":"2023-07-09T08:45:46+00:00","dateModified":"2023-07-09T08:45:46+00:00","author":{"@id":"https:\/\/statorials.org\/pl\/#\/schema\/person\/6484727a4612df3e69f016c3129c6965"},"description":"W tym samouczku wyja\u015bniono, jak obliczy\u0107 wiek w programie Excel przy u\u017cyciu daty w formacie dd\/mm\/rrrr, z kilkoma przyk\u0142adami.","breadcrumb":{"@id":"https:\/\/statorials.org\/pl\/excel-oblicz-wiek-dd-mm-rrrr\/#breadcrumb"},"inLanguage":"pl-PL","potentialAction":[{"@type":"ReadAction","target":["https:\/\/statorials.org\/pl\/excel-oblicz-wiek-dd-mm-rrrr\/"]}]},{"@type":"BreadcrumbList","@id":"https:\/\/statorials.org\/pl\/excel-oblicz-wiek-dd-mm-rrrr\/#breadcrumb","itemListElement":[{"@type":"ListItem","position":1,"name":"Dom","item":"https:\/\/statorials.org\/pl\/"},{"@type":"ListItem","position":2,"name":"Excel: jak obliczy\u0107 wiek w dd\/mm\/rrrr"}]},{"@type":"WebSite","@id":"https:\/\/statorials.org\/pl\/#website","url":"https:\/\/statorials.org\/pl\/","name":"Statorials","description":"Tw\u00f3j przewodnik po kompetencjach statystycznych!","potentialAction":[{"@type":"SearchAction","target":{"@type":"EntryPoint","urlTemplate":"https:\/\/statorials.org\/pl\/?s={search_term_string}"},"query-input":"required name=search_term_string"}],"inLanguage":"pl-PL"},{"@type":"Person","@id":"https:\/\/statorials.org\/pl\/#\/schema\/person\/6484727a4612df3e69f016c3129c6965","name":"Benjamin Anderson","image":{"@type":"ImageObject","inLanguage":"pl-PL","@id":"https:\/\/statorials.org\/pl\/#\/schema\/person\/image\/","url":"https:\/\/statorials.org\/pl\/wp-content\/uploads\/2023\/11\/Benjamin-Anderson-96x96.jpg","contentUrl":"https:\/\/statorials.org\/pl\/wp-content\/uploads\/2023\/11\/Benjamin-Anderson-96x96.jpg","caption":"Benjamin Anderson"},"description":"Cze\u015b\u0107, jestem Benjamin i jestem emerytowanym profesorem statystyki, kt\u00f3ry zosta\u0142 oddanym nauczycielem Statorials. Dzi\u0119ki bogatemu do\u015bwiadczeniu i wiedzy specjalistycznej w dziedzinie statystyki ch\u0119tnie dziel\u0119 si\u0119 swoj\u0105 wiedz\u0105, aby wzmocni\u0107 pozycj\u0119 uczni\u00f3w za po\u015brednictwem Statorials. Wiedzie\u0107 wi\u0119cej","sameAs":["https:\/\/statorials.org\/pl"]}]}},"yoast_meta":{"yoast_wpseo_title":"","yoast_wpseo_metadesc":"","yoast_wpseo_canonical":""},"_links":{"self":[{"href":"https:\/\/statorials.org\/pl\/wp-json\/wp\/v2\/posts\/4644","targetHints":{"allow":["GET"]}}],"collection":[{"href":"https:\/\/statorials.org\/pl\/wp-json\/wp\/v2\/posts"}],"about":[{"href":"https:\/\/statorials.org\/pl\/wp-json\/wp\/v2\/types\/post"}],"author":[{"embeddable":true,"href":"https:\/\/statorials.org\/pl\/wp-json\/wp\/v2\/users\/1"}],"replies":[{"embeddable":true,"href":"https:\/\/statorials.org\/pl\/wp-json\/wp\/v2\/comments?post=4644"}],"version-history":[{"count":0,"href":"https:\/\/statorials.org\/pl\/wp-json\/wp\/v2\/posts\/4644\/revisions"}],"wp:attachment":[{"href":"https:\/\/statorials.org\/pl\/wp-json\/wp\/v2\/media?parent=4644"}],"wp:term":[{"taxonomy":"category","embeddable":true,"href":"https:\/\/statorials.org\/pl\/wp-json\/wp\/v2\/categories?post=4644"},{"taxonomy":"post_tag","embeddable":true,"href":"https:\/\/statorials.org\/pl\/wp-json\/wp\/v2\/tags?post=4644"}],"curies":[{"name":"wp","href":"https:\/\/api.w.org\/{rel}","templated":true}]}}