{"id":186,"date":"2023-08-04T11:33:08","date_gmt":"2023-08-04T11:33:08","guid":{"rendered":"https:\/\/statorials.org\/tr\/istatistiksel-frekans\/"},"modified":"2023-08-04T11:33:08","modified_gmt":"2023-08-04T11:33:08","slug":"istatistiksel-frekans","status":"publish","type":"post","link":"https:\/\/statorials.org\/tr\/istatistiksel-frekans\/","title":{"rendered":"Frekans (istatistik)"},"content":{"rendered":"<p>Bu makale istatistikte frekans kavram\u0131n\u0131n ne oldu\u011funu a\u00e7\u0131klamaktad\u0131r. B\u00f6ylece istatistiklerde frekans\u0131n tan\u0131m\u0131n\u0131, mevcut farkl\u0131 frekans t\u00fcrlerini ve son olarak bir frekans tablosunun nas\u0131l olu\u015fturulaca\u011f\u0131n\u0131 bulacaks\u0131n\u0131z. <\/p>\n<h2 class=\"wp-block-heading\"><span class=\"ez-toc-section\" id=\"%c2%bfque-es-la-frecuencia-en-estadistica\"><\/span> \u0130statistiklerde frekans nedir?<span class=\"ez-toc-section-end\"><\/span><\/h2>\n<p> \u0130statistiklerde <strong>s\u0131kl\u0131k<\/strong> , bir de\u011ferin bir veri k\u00fcmesinde g\u00f6r\u00fcnme say\u0131s\u0131d\u0131r. Basit\u00e7e s\u00f6ylemek gerekirse frekans, bir de\u011ferin istatistiksel bir \u00f6rnekte tekrarlanma say\u0131s\u0131d\u0131r.<\/p>\n<p> \u00d6rne\u011fin bir ankette be\u015f ki\u015fi en sevdikleri rengin mavi oldu\u011funu s\u00f6ylerse mavi rengin s\u0131kl\u0131\u011f\u0131 5&#8217;e e\u015fit olur.<\/p>\n<p> Genel olarak istatistikte, <em>i<\/em> indeksli <em>f<\/em> harfi, <em>i<\/em> de\u011ferinin frekans\u0131n\u0131 temsil etmek i\u00e7in kullan\u0131l\u0131r, dolay\u0131s\u0131yla frekans\u0131n sembol\u00fc <em><sub>fi&#8217;dir<\/sub><\/em> .<\/p>\n<p> T\u00fcm frekanslar\u0131n toplam\u0131 \u00f6rnekteki toplam veri say\u0131s\u0131n\u0131 verir. Bu nedenle a\u015fa\u011f\u0131daki form\u00fcl herhangi bir istatistiksel \u00e7al\u0131\u015fma i\u00e7in her zaman ge\u00e7erlidir:<\/p>\n<\/p>\n<p class=\"has-text-align-center\"><img decoding=\"async\" loading=\"lazy\" src=\"https:\/\/statorials.org\/wp-content\/ql-cache\/quicklatex.com-420c1be36d74df49819d918d1ee8e6e9_l3.png\" class=\"ql-img-inline-formula quicklatex-auto-format\" alt=\" \\displaystyle \\sum_{i=1}^N f_i=f_1+f_2+f_3+\\dots+f_N=N\" title=\"Rendered by QuickLaTeX.com\" height=\"52\" width=\"284\" style=\"vertical-align: -21px;\"><\/p>\n<\/p>\n<p> Alt\u0131n<\/p>\n<\/p>\n<p class=\"has-text-align-center\"><img decoding=\"async\" loading=\"lazy\" src=\"https:\/\/statorials.org\/wp-content\/ql-cache\/quicklatex.com-fcb89ec1b112c79bfb56f1c210f6bb67_l3.png\" class=\"ql-img-inline-formula quicklatex-auto-format\" alt=\"f_i\" title=\"Rendered by QuickLaTeX.com\" height=\"16\" width=\"14\" style=\"vertical-align: -4px;\"><\/p>\n<p> de\u011ferin frekans\u0131d\u0131r<\/p>\n<p class=\"has-text-align-center\"><img decoding=\"async\" loading=\"lazy\" src=\"https:\/\/statorials.org\/wp-content\/ql-cache\/quicklatex.com-31318c5dcb226c69e0818e5f7d2422b5_l3.png\" class=\"ql-img-inline-formula quicklatex-auto-format\" alt=\"i\" title=\"Rendered by QuickLaTeX.com\" height=\"12\" width=\"6\" style=\"vertical-align: 0px;\"><\/p>\n<p> Ve<\/p>\n<p class=\"has-text-align-center\"><img decoding=\"async\" loading=\"lazy\" src=\"https:\/\/statorials.org\/wp-content\/ql-cache\/quicklatex.com-7354bae77b50b7d1faed3e8ea7a3511a_l3.png\" class=\"ql-img-inline-formula quicklatex-auto-format\" alt=\"N\" title=\"Rendered by QuickLaTeX.com\" height=\"12\" width=\"16\" style=\"vertical-align: 0px;\"><\/p>\n<p> toplam g\u00f6zlem say\u0131s\u0131d\u0131r. <\/p>\n<h2 class=\"wp-block-heading\"><span class=\"ez-toc-section\" id=\"tipos-de-frecuencias-en-estadistica\"><\/span> \u0130statistiklerdeki frekans t\u00fcrleri<span class=\"ez-toc-section-end\"><\/span><\/h2>\n<p> \u0130statistiklerde farkl\u0131 <strong>frekans t\u00fcrleri<\/strong> \u015funlard\u0131r:<\/p>\n<ul style=\"color:#FF8A05; font-weight: bold;\">\n<li style=\"margin-bottom:15px\"> <span style=\"color:#101010;font-weight: normal;\"><strong>Mutlak frekans<\/strong> : Bir de\u011ferin istatistiksel bir \u00f6rnekte g\u00f6r\u00fcnme say\u0131s\u0131na kar\u015f\u0131l\u0131k gelir.<\/span><\/li>\n<li style=\"margin-bottom:15px\"> <span style=\"color:#101010;font-weight: normal;\"><strong>K\u00fcm\u00fclatif Mutlak Frekans<\/strong> : De\u011ferin mutlak frekans\u0131 art\u0131 t\u00fcm k\u00fc\u00e7\u00fck de\u011ferlerin mutlak frekanslar\u0131 toplanarak hesaplan\u0131r.<\/span><\/li>\n<li style=\"margin-bottom:15px\"> <span style=\"color:#101010;font-weight: normal;\"><strong>G\u00f6reli frekans<\/strong> : Bu, mutlak frekans\u0131n toplam veri say\u0131s\u0131na b\u00f6l\u00fcnmesiyle elde edilen de\u011ferdir.<\/span><\/li>\n<li> <span style=\"color:#101010;font-weight: normal;\"><strong>K\u00fcm\u00fclatif Ba\u011f\u0131l Frekans<\/strong> : De\u011ferin ba\u011f\u0131l frekans\u0131 ile t\u00fcm alt de\u011ferlerin ba\u011f\u0131l frekanslar\u0131n\u0131n toplam\u0131na e\u015fittir.<\/span><\/li>\n<\/ul>\n<p> A\u015fa\u011f\u0131daki b\u00f6l\u00fcmde her frekans t\u00fcr\u00fcn\u00fcn nas\u0131l hesapland\u0131\u011f\u0131n\u0131 g\u00f6rebilirsiniz.<\/p>\n<h2 class=\"wp-block-heading\"><span class=\"ez-toc-section\" id=\"tabla-de-frecuencias\"><\/span> Frekans tablosu<span class=\"ez-toc-section-end\"><\/span><\/h2>\n<p> Tipik olarak istatistikte, bir veri \u00f6rne\u011finin frekanslar\u0131n\u0131n hesaplamalar\u0131 bir frekans tablosunda \u00f6zetlenir. A\u015fa\u011f\u0131da ad\u0131m ad\u0131m bir \u00f6rnek verilmi\u015ftir, b\u00f6ylece nas\u0131l yap\u0131laca\u011f\u0131n\u0131 g\u00f6rebilirsiniz.<\/p>\n<ul>\n<li> 30 ki\u015filik bir s\u0131n\u0131fta istatistik konusunda al\u0131nan notlar a\u015fa\u011f\u0131daki gibidir. Veri k\u00fcmesinin frekans tablosunu olu\u015fturun. <\/li>\n<\/ul>\n<p class=\"has-text-align-center\"><img decoding=\"async\" loading=\"lazy\" src=\"https:\/\/statorials.org\/wp-content\/ql-cache\/quicklatex.com-0b4c2aaf8375eb7531d0723aa5ef006c_l3.png\" class=\"ql-img-inline-formula quicklatex-auto-format\" alt=\"5\\ 4\\ 7\\ 9\\ 10\\ 6\\ 7\\ 4\\ 8\\ 3\" title=\"Rendered by QuickLaTeX.com\" height=\"13\" width=\"151\" style=\"vertical-align: 0px;\"><\/p>\n<\/p>\n<p class=\"has-text-align-center\"><img decoding=\"async\" loading=\"lazy\" src=\"https:\/\/statorials.org\/wp-content\/ql-cache\/quicklatex.com-d92283243224cd8cd6067c4452a85f91_l3.png\" class=\"ql-img-inline-formula quicklatex-auto-format\" alt=\"6\\ 9\\ 8\\ 5\\ 6\\ 4\\ 6\\ 2\\ 4\\ 7\" title=\"Rendered by QuickLaTeX.com\" height=\"13\" width=\"142\" style=\"vertical-align: 0px;\"><\/p>\n<\/p>\n<p class=\"has-text-align-center\"><img decoding=\"async\" loading=\"lazy\" src=\"https:\/\/statorials.org\/wp-content\/ql-cache\/quicklatex.com-e48f65ca1a0f947935791d6ca68469c9_l3.png\" class=\"ql-img-inline-formula quicklatex-auto-format\" alt=\"8\\ 9\\ 10\\ 5\\ 4\\ 3\\ 6\\ 8\\ 7\\ 5\" title=\"Rendered by QuickLaTeX.com\" height=\"13\" width=\"150\" style=\"vertical-align: 0px;\"><\/p>\n<\/p>\n<p> T\u00fcm say\u0131lar yaln\u0131zca tam say\u0131 olabildi\u011fi i\u00e7in ayr\u0131k bir de\u011fi\u015fkendir. Bu nedenle verileri aral\u0131klar halinde gruplamak gerekli de\u011fildir.<\/p>\n<p> Bu y\u00fczden her farkl\u0131 de\u011ferin bir sat\u0131r olaca\u011f\u0131 bir tablo olu\u015fturmam\u0131z gerekiyor. Ek olarak, her bir de\u011ferin mutlak frekans\u0131n\u0131 bulmam\u0131z gerekir; bunu yapmak i\u00e7in, de\u011ferin veri \u00f6rne\u011finde ka\u00e7 kez g\u00f6r\u00fcnd\u00fc\u011f\u00fcn\u00fc sayman\u0131z yeterlidir. <\/p>\n<figure class=\"wp-block-image aligncenter size-full is-resized\"><img decoding=\"async\" loading=\"lazy\" src=\"https:\/\/statorials.org\/wp-content\/uploads\/2023\/08\/tableau-de-frequence-absolue.png\" alt=\"Mutlak frekans\" class=\"wp-image-3232\" width=\"208\" height=\"403\" srcset=\"\" sizes=\"auto, \"><\/figure>\n<p> T\u00fcm mutlak frekanslar\u0131n toplam\u0131n\u0131n toplam veri say\u0131s\u0131na e\u015fit oldu\u011funu unutmay\u0131n. Bu kurala uyulmamas\u0131, belirli bilgileri sa\u011flamay\u0131 unuttu\u011funuz anlam\u0131na gelir.<\/p>\n<p> Art\u0131k mutlak frekans\u0131 bildi\u011fimize g\u00f6re k\u00fcm\u00fclatif mutlak frekans\u0131 bulmam\u0131z gerekiyor. Bu hesaplama i\u00e7in iki se\u00e7ene\u011fimiz var: ya de\u011ferin mutlak frekans\u0131 art\u0131 en k\u00fc\u00e7\u00fck de\u011ferlerin t\u00fcm mutlak frekanslar\u0131n\u0131 toplar\u0131z ya da tam tersine, de\u011ferin mutlak frekans\u0131 art\u0131 \u00f6nceki de\u011ferin k\u00fcm\u00fclatif mutlak frekans\u0131n\u0131 ekleriz. <\/p>\n<figure class=\"wp-block-image aligncenter size-full is-resized\"><img decoding=\"async\" loading=\"lazy\" src=\"https:\/\/statorials.org\/wp-content\/uploads\/2023\/08\/calcul-de-frequence-absolue-cumulative.png\" alt=\"k\u00fcm\u00fclatif mutlak frekans\" class=\"wp-image-3244\" width=\"331\" height=\"405\" srcset=\"\" sizes=\"auto, \"><\/figure>\n<p> Son de\u011ferin k\u00fcm\u00fclatif mutlak frekans\u0131 her zaman toplam veri say\u0131s\u0131na kar\u015f\u0131l\u0131k gelir; hesaplamalar\u0131n do\u011fru oldu\u011funu do\u011frulamak i\u00e7in bu numaray\u0131 kullanabilirsiniz.<\/p>\n<p> Daha sonra, mutlak frekans\u0131n toplam veri noktas\u0131 say\u0131s\u0131na (30) b\u00f6l\u00fcnmesiyle hesaplanan g\u00f6receli frekans\u0131 belirlememiz gerekir: <\/p>\n<figure class=\"wp-block-image aligncenter size-large is-resized\"><img decoding=\"async\" loading=\"lazy\" src=\"https:\/\/statorials.org\/wp-content\/uploads\/2023\/08\/table-de-frequence-frequence-relative.png\" alt=\"g\u00f6receli frekans\" class=\"wp-image-3550\" width=\"451\" height=\"536\" srcset=\"\" sizes=\"auto, \"><\/figure>\n<p> T\u00fcm ba\u011f\u0131l frekanslar\u0131n toplam\u0131n\u0131n her zaman 1&#8217;e e\u015fit oldu\u011funu unutmay\u0131n, aksi halde frekans tablosundaki baz\u0131 hesaplamalar yanl\u0131\u015f demektir.<\/p>\n<p> Son olarak, birikmi\u015f ba\u011f\u0131l frekans\u0131n \u00e7\u0131kar\u0131lmas\u0131 yeterlidir. Bunu yapmak i\u00e7in, s\u00f6z konusu de\u011ferin g\u00f6receli frekans\u0131n\u0131 art\u0131 \u00f6nceki t\u00fcm g\u00f6receli frekanslar\u0131 veya ayn\u0131 anlama gelen \u00f6nceki birikmi\u015f g\u00f6receli frekans\u0131 eklemelisiniz: <\/p>\n<figure class=\"wp-block-image aligncenter size-large is-resized\"><img decoding=\"async\" loading=\"lazy\" src=\"https:\/\/statorials.org\/wp-content\/uploads\/2023\/08\/frequence-tableau-relative-accumulee-frequence.png\" alt=\"k\u00fcm\u00fclatif ba\u011f\u0131l frekans\" class=\"wp-image-3552\" width=\"579\" height=\"407\" srcset=\"\" sizes=\"auto, \"><\/figure>\n<p> K\u0131saca sorunlu verinin t\u00fcm frekanslar\u0131n\u0131 i\u00e7eren frekans tablosu \u015fu \u015fekildedir: <\/p>\n<figure class=\"wp-block-image aligncenter size-large is-resized\"><img decoding=\"async\" loading=\"lazy\" src=\"https:\/\/statorials.org\/wp-content\/uploads\/2023\/08\/tableau-des-frequences.png\" alt=\"frekans tablosu\" class=\"wp-image-3557\" width=\"568\" height=\"408\" srcset=\"\" sizes=\"auto, \"><\/figure>\n<div style=\"background-color:#FFFDE7; padding-top: 10px; padding-bottom: 10px; padding-right: 20px; padding-left: 30px; border: 2.5px dashed #FFB74D; border-radius:20px;\"> <span style=\"color:#ff951b\">\u27a4<\/span> <strong>Bak\u0131n\u0131z:<\/strong> <a href=\"https:\/\/statorials.org\/tr\/frekans-tablosu\/\">grupland\u0131r\u0131lm\u0131\u015f veriler i\u00e7in frekans tablosu<\/a><\/div>\n","protected":false},"excerpt":{"rendered":"<p>Bu makale istatistikte frekans kavram\u0131n\u0131n ne oldu\u011funu a\u00e7\u0131klamaktad\u0131r. B\u00f6ylece istatistiklerde frekans\u0131n tan\u0131m\u0131n\u0131, mevcut farkl\u0131 frekans t\u00fcrlerini ve son olarak bir frekans tablosunun nas\u0131l olu\u015fturulaca\u011f\u0131n\u0131 bulacaks\u0131n\u0131z. \u0130statistiklerde frekans nedir? \u0130statistiklerde s\u0131kl\u0131k , bir de\u011ferin bir veri k\u00fcmesinde g\u00f6r\u00fcnme say\u0131s\u0131d\u0131r. Basit\u00e7e s\u00f6ylemek gerekirse frekans, bir de\u011ferin istatistiksel bir \u00f6rnekte tekrarlanma say\u0131s\u0131d\u0131r. \u00d6rne\u011fin bir ankette be\u015f ki\u015fi en [&hellip;]<\/p>\n","protected":false},"author":1,"featured_media":0,"comment_status":"open","ping_status":"open","sticky":false,"template":"","format":"standard","meta":{"footnotes":""},"categories":[14],"tags":[],"class_list":["post-186","post","type-post","status-publish","format-standard","hentry","category-istatistik"],"yoast_head":"<!-- This site is optimized with the Yoast SEO plugin v21.3 - https:\/\/yoast.com\/wordpress\/plugins\/seo\/ -->\n<title>\u25b7 Frekans nedir? (\u0130statistik)<\/title>\n<meta name=\"description\" content=\"Burada istatistikte frekans\u0131n ne oldu\u011funu, farkl\u0131 frekans t\u00fcrlerini ve frekans tablosunun nas\u0131l olu\u015fturulaca\u011f\u0131n\u0131 ke\u015ffedeceksiniz.\" \/>\n<meta name=\"robots\" content=\"index, follow, max-snippet:-1, max-image-preview:large, max-video-preview:-1\" \/>\n<link rel=\"canonical\" href=\"https:\/\/statorials.org\/tr\/istatistiksel-frekans\/\" \/>\n<meta property=\"og:locale\" content=\"tr_TR\" \/>\n<meta property=\"og:type\" content=\"article\" \/>\n<meta property=\"og:title\" content=\"\u25b7 Frekans nedir? (\u0130statistik)\" \/>\n<meta property=\"og:description\" content=\"Burada istatistikte frekans\u0131n ne oldu\u011funu, farkl\u0131 frekans t\u00fcrlerini ve frekans tablosunun nas\u0131l olu\u015fturulaca\u011f\u0131n\u0131 ke\u015ffedeceksiniz.\" \/>\n<meta property=\"og:url\" content=\"https:\/\/statorials.org\/tr\/istatistiksel-frekans\/\" \/>\n<meta property=\"og:site_name\" content=\"Statorials\" \/>\n<meta property=\"article:published_time\" content=\"2023-08-04T11:33:08+00:00\" \/>\n<meta property=\"og:image\" content=\"https:\/\/statorials.org\/wp-content\/ql-cache\/quicklatex.com-420c1be36d74df49819d918d1ee8e6e9_l3.png\" \/>\n<meta name=\"author\" content=\"Dr.benjamin anderson\" \/>\n<meta name=\"twitter:card\" content=\"summary_large_image\" \/>\n<meta name=\"twitter:label1\" content=\"Yazan:\" \/>\n\t<meta name=\"twitter:data1\" content=\"Dr.benjamin anderson\" \/>\n\t<meta name=\"twitter:label2\" content=\"Tahmini okuma s\u00fcresi\" \/>\n\t<meta name=\"twitter:data2\" content=\"3 dakika\" \/>\n<script type=\"application\/ld+json\" class=\"yoast-schema-graph\">{\"@context\":\"https:\/\/schema.org\",\"@graph\":[{\"@type\":\"WebPage\",\"@id\":\"https:\/\/statorials.org\/tr\/istatistiksel-frekans\/\",\"url\":\"https:\/\/statorials.org\/tr\/istatistiksel-frekans\/\",\"name\":\"\u25b7 Frekans nedir? (\u0130statistik)\",\"isPartOf\":{\"@id\":\"https:\/\/statorials.org\/tr\/#website\"},\"datePublished\":\"2023-08-04T11:33:08+00:00\",\"dateModified\":\"2023-08-04T11:33:08+00:00\",\"author\":{\"@id\":\"https:\/\/statorials.org\/tr\/#\/schema\/person\/365dc158a39a7c8ae256355451e3de48\"},\"description\":\"Burada istatistikte frekans\u0131n ne oldu\u011funu, farkl\u0131 frekans t\u00fcrlerini ve frekans tablosunun nas\u0131l olu\u015fturulaca\u011f\u0131n\u0131 ke\u015ffedeceksiniz.\",\"breadcrumb\":{\"@id\":\"https:\/\/statorials.org\/tr\/istatistiksel-frekans\/#breadcrumb\"},\"inLanguage\":\"tr\",\"potentialAction\":[{\"@type\":\"ReadAction\",\"target\":[\"https:\/\/statorials.org\/tr\/istatistiksel-frekans\/\"]}]},{\"@type\":\"BreadcrumbList\",\"@id\":\"https:\/\/statorials.org\/tr\/istatistiksel-frekans\/#breadcrumb\",\"itemListElement\":[{\"@type\":\"ListItem\",\"position\":1,\"name\":\"Ev\",\"item\":\"https:\/\/statorials.org\/tr\/\"},{\"@type\":\"ListItem\",\"position\":2,\"name\":\"Frekans (istatistik)\"}]},{\"@type\":\"WebSite\",\"@id\":\"https:\/\/statorials.org\/tr\/#website\",\"url\":\"https:\/\/statorials.org\/tr\/\",\"name\":\"Statorials\",\"description\":\"\u0130statistik okuryazarl\u0131\u011f\u0131 rehberiniz!\",\"potentialAction\":[{\"@type\":\"SearchAction\",\"target\":{\"@type\":\"EntryPoint\",\"urlTemplate\":\"https:\/\/statorials.org\/tr\/?s={search_term_string}\"},\"query-input\":\"required name=search_term_string\"}],\"inLanguage\":\"tr\"},{\"@type\":\"Person\",\"@id\":\"https:\/\/statorials.org\/tr\/#\/schema\/person\/365dc158a39a7c8ae256355451e3de48\",\"name\":\"Dr.benjamin anderson\",\"image\":{\"@type\":\"ImageObject\",\"inLanguage\":\"tr\",\"@id\":\"https:\/\/statorials.org\/tr\/#\/schema\/person\/image\/\",\"url\":\"https:\/\/statorials.org\/tr\/wp-content\/uploads\/2023\/10\/Dr.-Benjamin-Anderson-96x96.jpg\",\"contentUrl\":\"https:\/\/statorials.org\/tr\/wp-content\/uploads\/2023\/10\/Dr.-Benjamin-Anderson-96x96.jpg\",\"caption\":\"Dr.benjamin anderson\"},\"description\":\"Merhaba, ben Benjamin, emekli bir istatistik profes\u00f6r\u00fc ve Statorials \u00f6\u011fretmenine d\u00f6n\u00fc\u015ft\u00fcm. \u0130statistik alan\u0131ndaki kapsaml\u0131 deneyimim ve uzmanl\u0131\u011f\u0131mla, \u00f6\u011frencilerimi Statorials arac\u0131l\u0131\u011f\u0131yla g\u00fc\u00e7lendirmek i\u00e7in bilgilerimi payla\u015fmaya can at\u0131yorum. Daha fazlas\u0131n\u0131 bil\",\"sameAs\":[\"https:\/\/statorials.org\/tr\"]}]}<\/script>\n<!-- \/ Yoast SEO plugin. -->","yoast_head_json":{"title":"\u25b7 Frekans nedir? (\u0130statistik)","description":"Burada istatistikte frekans\u0131n ne oldu\u011funu, farkl\u0131 frekans t\u00fcrlerini ve frekans tablosunun nas\u0131l olu\u015fturulaca\u011f\u0131n\u0131 ke\u015ffedeceksiniz.","robots":{"index":"index","follow":"follow","max-snippet":"max-snippet:-1","max-image-preview":"max-image-preview:large","max-video-preview":"max-video-preview:-1"},"canonical":"https:\/\/statorials.org\/tr\/istatistiksel-frekans\/","og_locale":"tr_TR","og_type":"article","og_title":"\u25b7 Frekans nedir? (\u0130statistik)","og_description":"Burada istatistikte frekans\u0131n ne oldu\u011funu, farkl\u0131 frekans t\u00fcrlerini ve frekans tablosunun nas\u0131l olu\u015fturulaca\u011f\u0131n\u0131 ke\u015ffedeceksiniz.","og_url":"https:\/\/statorials.org\/tr\/istatistiksel-frekans\/","og_site_name":"Statorials","article_published_time":"2023-08-04T11:33:08+00:00","og_image":[{"url":"https:\/\/statorials.org\/wp-content\/ql-cache\/quicklatex.com-420c1be36d74df49819d918d1ee8e6e9_l3.png"}],"author":"Dr.benjamin anderson","twitter_card":"summary_large_image","twitter_misc":{"Yazan:":"Dr.benjamin anderson","Tahmini okuma s\u00fcresi":"3 dakika"},"schema":{"@context":"https:\/\/schema.org","@graph":[{"@type":"WebPage","@id":"https:\/\/statorials.org\/tr\/istatistiksel-frekans\/","url":"https:\/\/statorials.org\/tr\/istatistiksel-frekans\/","name":"\u25b7 Frekans nedir? (\u0130statistik)","isPartOf":{"@id":"https:\/\/statorials.org\/tr\/#website"},"datePublished":"2023-08-04T11:33:08+00:00","dateModified":"2023-08-04T11:33:08+00:00","author":{"@id":"https:\/\/statorials.org\/tr\/#\/schema\/person\/365dc158a39a7c8ae256355451e3de48"},"description":"Burada istatistikte frekans\u0131n ne oldu\u011funu, farkl\u0131 frekans t\u00fcrlerini ve frekans tablosunun nas\u0131l olu\u015fturulaca\u011f\u0131n\u0131 ke\u015ffedeceksiniz.","breadcrumb":{"@id":"https:\/\/statorials.org\/tr\/istatistiksel-frekans\/#breadcrumb"},"inLanguage":"tr","potentialAction":[{"@type":"ReadAction","target":["https:\/\/statorials.org\/tr\/istatistiksel-frekans\/"]}]},{"@type":"BreadcrumbList","@id":"https:\/\/statorials.org\/tr\/istatistiksel-frekans\/#breadcrumb","itemListElement":[{"@type":"ListItem","position":1,"name":"Ev","item":"https:\/\/statorials.org\/tr\/"},{"@type":"ListItem","position":2,"name":"Frekans (istatistik)"}]},{"@type":"WebSite","@id":"https:\/\/statorials.org\/tr\/#website","url":"https:\/\/statorials.org\/tr\/","name":"Statorials","description":"\u0130statistik okuryazarl\u0131\u011f\u0131 rehberiniz!","potentialAction":[{"@type":"SearchAction","target":{"@type":"EntryPoint","urlTemplate":"https:\/\/statorials.org\/tr\/?s={search_term_string}"},"query-input":"required name=search_term_string"}],"inLanguage":"tr"},{"@type":"Person","@id":"https:\/\/statorials.org\/tr\/#\/schema\/person\/365dc158a39a7c8ae256355451e3de48","name":"Dr.benjamin anderson","image":{"@type":"ImageObject","inLanguage":"tr","@id":"https:\/\/statorials.org\/tr\/#\/schema\/person\/image\/","url":"https:\/\/statorials.org\/tr\/wp-content\/uploads\/2023\/10\/Dr.-Benjamin-Anderson-96x96.jpg","contentUrl":"https:\/\/statorials.org\/tr\/wp-content\/uploads\/2023\/10\/Dr.-Benjamin-Anderson-96x96.jpg","caption":"Dr.benjamin anderson"},"description":"Merhaba, ben Benjamin, emekli bir istatistik profes\u00f6r\u00fc ve Statorials \u00f6\u011fretmenine d\u00f6n\u00fc\u015ft\u00fcm. \u0130statistik alan\u0131ndaki kapsaml\u0131 deneyimim ve uzmanl\u0131\u011f\u0131mla, \u00f6\u011frencilerimi Statorials arac\u0131l\u0131\u011f\u0131yla g\u00fc\u00e7lendirmek i\u00e7in bilgilerimi payla\u015fmaya can at\u0131yorum. Daha fazlas\u0131n\u0131 bil","sameAs":["https:\/\/statorials.org\/tr"]}]}},"yoast_meta":{"yoast_wpseo_title":"","yoast_wpseo_metadesc":"","yoast_wpseo_canonical":""},"_links":{"self":[{"href":"https:\/\/statorials.org\/tr\/wp-json\/wp\/v2\/posts\/186","targetHints":{"allow":["GET"]}}],"collection":[{"href":"https:\/\/statorials.org\/tr\/wp-json\/wp\/v2\/posts"}],"about":[{"href":"https:\/\/statorials.org\/tr\/wp-json\/wp\/v2\/types\/post"}],"author":[{"embeddable":true,"href":"https:\/\/statorials.org\/tr\/wp-json\/wp\/v2\/users\/1"}],"replies":[{"embeddable":true,"href":"https:\/\/statorials.org\/tr\/wp-json\/wp\/v2\/comments?post=186"}],"version-history":[{"count":0,"href":"https:\/\/statorials.org\/tr\/wp-json\/wp\/v2\/posts\/186\/revisions"}],"wp:attachment":[{"href":"https:\/\/statorials.org\/tr\/wp-json\/wp\/v2\/media?parent=186"}],"wp:term":[{"taxonomy":"category","embeddable":true,"href":"https:\/\/statorials.org\/tr\/wp-json\/wp\/v2\/categories?post=186"},{"taxonomy":"post_tag","embeddable":true,"href":"https:\/\/statorials.org\/tr\/wp-json\/wp\/v2\/tags?post=186"}],"curies":[{"name":"wp","href":"https:\/\/api.w.org\/{rel}","templated":true}]}}