{"id":192,"date":"2023-08-04T09:41:24","date_gmt":"2023-08-04T09:41:24","guid":{"rendered":"https:\/\/statorials.org\/tr\/frekans-dagilimi\/"},"modified":"2023-08-04T09:41:24","modified_gmt":"2023-08-04T09:41:24","slug":"frekans-dagilimi","status":"publish","type":"post","link":"https:\/\/statorials.org\/tr\/frekans-dagilimi\/","title":{"rendered":"Frekans da\u011f\u0131l\u0131m\u0131"},"content":{"rendered":"<p>Bu makalede frekans da\u011f\u0131l\u0131mlar\u0131n\u0131n ne oldu\u011fu ve nas\u0131l elde edildi\u011fi a\u00e7\u0131klanmaktad\u0131r. Ayr\u0131ca frekans da\u011f\u0131l\u0131mlar\u0131n\u0131n ad\u0131m ad\u0131m \u00f6rneklerini bulacaks\u0131n\u0131z ve ayr\u0131ca \u00e7\u00f6z\u00fcml\u00fc al\u0131\u015ft\u0131rmalarla pratik yapabileceksiniz. <\/p>\n<h2 class=\"wp-block-heading\"><span class=\"ez-toc-section\" id=\"%c2%bfque-es-una-distribucion-de-frecuencias\"><\/span> Frekans da\u011f\u0131l\u0131m\u0131 nedir?<span class=\"ez-toc-section-end\"><\/span><\/h2>\n<p> \u0130statistikte <strong>frekans da\u011f\u0131l\u0131m\u0131<\/strong> , bir numunenin farkl\u0131 de\u011ferlerinin sat\u0131rlar halinde grupland\u0131r\u0131ld\u0131\u011f\u0131 ve her s\u00fctunda, her de\u011ferin frekans tipinin g\u00f6r\u00fcnt\u00fclendi\u011fi bir tablodur. Bu nedenle bir veri setindeki t\u00fcm frekans t\u00fcrlerini g\u00f6stermek i\u00e7in frekans da\u011f\u0131l\u0131m\u0131 kullan\u0131l\u0131r.<\/p>\n<p> Daha spesifik olarak, bir frekans da\u011f\u0131l\u0131m\u0131 mutlak frekans\u0131, k\u00fcm\u00fclatif mutlak frekans\u0131, ba\u011f\u0131l frekans\u0131 ve k\u00fcm\u00fclatif ba\u011f\u0131l frekans\u0131 i\u00e7erir.<\/p>\n<p> Frekans da\u011f\u0131l\u0131mlar\u0131n\u0131n \u00f6zelliklerinden biri, niceliksel bir de\u011fi\u015fken ve niteliksel bir de\u011fi\u015fkenin istatistiksel \u00f6rne\u011fini \u00f6zetlemek i\u00e7in \u00e7ok yararl\u0131 olmalar\u0131d\u0131r. <\/p>\n<h2 class=\"wp-block-heading\"><span class=\"ez-toc-section\" id=\"como-hacer-una-distribucion-de-frecuencias\"><\/span> Frekans da\u011f\u0131l\u0131m\u0131 nas\u0131l yap\u0131l\u0131r?<span class=\"ez-toc-section-end\"><\/span><\/h2>\n<p> <strong>Frekans da\u011f\u0131l\u0131m\u0131 ger\u00e7ekle\u015ftirmek<\/strong> i\u00e7in a\u015fa\u011f\u0131daki ad\u0131mlar\u0131 izlemelisiniz:<\/p>\n<ol style=\"color:#FF8A05; font-weight: bold;\">\n<li style=\"margin-bottom:15px\"> <span style=\"color:#101010;font-weight: normal;\">Verileri farkl\u0131 kategoriler halinde d\u00fczenleyin ve her sat\u0131r\u0131n bir kategoriye kar\u015f\u0131l\u0131k geldi\u011fi bir tablo olu\u015fturun.<\/span><\/li>\n<li style=\"margin-bottom:15px\"> <span style=\"color:#101010;font-weight: normal;\">Tablonun ikinci s\u00fctununda her kategorinin mutlak s\u0131kl\u0131\u011f\u0131n\u0131 hesaplay\u0131n.<\/span><\/li>\n<li style=\"margin-bottom:15px\"> <span style=\"color:#101010;font-weight: normal;\">Tablonun \u00fc\u00e7\u00fcnc\u00fc s\u00fctununda her kategorinin k\u00fcm\u00fclatif mutlak frekans\u0131n\u0131 hesaplay\u0131n.<\/span><\/li>\n<li style=\"margin-bottom:15px\"> <span style=\"color:#101010;font-weight: normal;\">Tablonun d\u00f6rd\u00fcnc\u00fc s\u00fctununda her kategorinin g\u00f6receli s\u0131kl\u0131\u011f\u0131n\u0131 hesaplay\u0131n.<\/span><\/li>\n<li style=\"margin-bottom:15px\"> <span style=\"color:#101010;font-weight: normal;\">Tablonun be\u015finci s\u00fctununda her kategorinin k\u00fcm\u00fclatif ba\u011f\u0131l s\u0131kl\u0131\u011f\u0131n\u0131 hesaplay\u0131n.<\/span><\/li>\n<li> <span style=\"color:#101010;font-weight: normal;\">\u0130ste\u011fe ba\u011fl\u0131 olarak, g\u00f6receli frekans\u0131n ve k\u00fcm\u00fclatif g\u00f6receli frekans\u0131n y\u00fczde olarak hesapland\u0131\u011f\u0131 iki s\u00fctun eklenebilir, bunun i\u00e7in her iki s\u00fctunu da 100 ile \u00e7arpman\u0131z yeterlidir.<\/span> <\/li>\n<\/ol>\n<h2 class=\"wp-block-heading\"><span class=\"ez-toc-section\" id=\"ejemplo-de-distribucion-de-frecuencias\"><\/span> Frekans da\u011f\u0131l\u0131m\u0131 \u00f6rne\u011fi<span class=\"ez-toc-section-end\"><\/span><\/h2>\n<p> Frekans da\u011f\u0131l\u0131m\u0131n\u0131n tan\u0131m\u0131n\u0131 ve nas\u0131l olu\u015fturuldu\u011funa dair teoriyi g\u00f6rd\u00fckten sonra bu b\u00f6l\u00fcmde bir \u00f6rnek ad\u0131m ad\u0131m \u00e7\u00f6z\u00fclecektir.<\/p>\n<ul>\n<li> 30 ki\u015filik bir s\u0131n\u0131fta istatistik konusunda al\u0131nan notlar a\u015fa\u011f\u0131daki gibidir. Veri k\u00fcmesinin frekans da\u011f\u0131l\u0131m\u0131n\u0131 olu\u015fturun. <\/li>\n<\/ul>\n<p class=\"has-text-align-center\"><img decoding=\"async\" loading=\"lazy\" src=\"https:\/\/statorials.org\/wp-content\/ql-cache\/quicklatex.com-0b4c2aaf8375eb7531d0723aa5ef006c_l3.png\" class=\"ql-img-inline-formula quicklatex-auto-format\" alt=\"5\\ 4\\ 7\\ 9\\ 10\\ 6\\ 7\\ 4\\ 8\\ 3\" title=\"Rendered by QuickLaTeX.com\" height=\"13\" width=\"151\" style=\"vertical-align: 0px;\"><\/p>\n<\/p>\n<p class=\"has-text-align-center\"><img decoding=\"async\" loading=\"lazy\" src=\"https:\/\/statorials.org\/wp-content\/ql-cache\/quicklatex.com-d92283243224cd8cd6067c4452a85f91_l3.png\" class=\"ql-img-inline-formula quicklatex-auto-format\" alt=\"6\\ 9\\ 8\\ 5\\ 6\\ 4\\ 6\\ 2\\ 4\\ 7\" title=\"Rendered by QuickLaTeX.com\" height=\"13\" width=\"142\" style=\"vertical-align: 0px;\"><\/p>\n<\/p>\n<p class=\"has-text-align-center\"><img decoding=\"async\" loading=\"lazy\" src=\"https:\/\/statorials.org\/wp-content\/ql-cache\/quicklatex.com-e48f65ca1a0f947935791d6ca68469c9_l3.png\" class=\"ql-img-inline-formula quicklatex-auto-format\" alt=\"8\\ 9\\ 10\\ 5\\ 4\\ 3\\ 6\\ 8\\ 7\\ 5\" title=\"Rendered by QuickLaTeX.com\" height=\"13\" width=\"150\" style=\"vertical-align: 0px;\"><\/p>\n<\/p>\n<p> T\u00fcm say\u0131lar yaln\u0131zca tam say\u0131 olabildi\u011fi i\u00e7in ayr\u0131k bir de\u011fi\u015fkendir. Bu nedenle verileri aral\u0131klar halinde gruplamak gerekli de\u011fildir.<\/p>\n<p> Yani frekans da\u011f\u0131l\u0131m\u0131 yapabilmek i\u00e7in her farkl\u0131 de\u011ferin bir sat\u0131r olaca\u011f\u0131 bir tablo olu\u015fturmam\u0131z ve ard\u0131ndan her de\u011ferin mutlak frekans\u0131n\u0131 bulmam\u0131z gerekiyor: <\/p>\n<figure class=\"wp-block-image aligncenter size-full is-resized\"><img decoding=\"async\" loading=\"lazy\" src=\"https:\/\/statorials.org\/wp-content\/uploads\/2023\/08\/tableau-de-frequence-absolue.png\" alt=\"Mutlak frekans\" class=\"wp-image-3232\" width=\"208\" height=\"403\" srcset=\"\" sizes=\"auto, \"><\/figure>\n<div style=\"background-color:#FFFDE7; padding-top: 10px; padding-bottom: 10px; padding-right: 20px; padding-left: 30px; border: 2.5px dashed #FFB74D; border-radius:20px;\"> <span style=\"color:#ff951b\">\u27a4<\/span> <strong>Bak\u0131n\u0131z:<\/strong> <a href=\"https:\/\/statorials.org\/tr\/mutlak-frekans-1\/\">mutlak frekans nas\u0131l bulunur<\/a><\/div>\n<p> T\u00fcm mutlak frekanslar\u0131n toplam\u0131n\u0131n toplam veri say\u0131s\u0131na e\u015fit oldu\u011funu unutmay\u0131n. Bu kurala uyulmamas\u0131, belirli bilgileri sa\u011flamay\u0131 unuttu\u011funuz anlam\u0131na gelir.<\/p>\n<p> Art\u0131k mutlak frekans\u0131 bildi\u011fimize g\u00f6re k\u00fcm\u00fclatif mutlak frekans\u0131 hesaplamam\u0131z gerekiyor. Bu hesaplama i\u00e7in iki se\u00e7ene\u011fimiz var: ya de\u011ferin mutlak frekans\u0131 art\u0131 en k\u00fc\u00e7\u00fck de\u011ferlerin t\u00fcm mutlak frekanslar\u0131n\u0131 toplar\u0131z ya da tam tersine, de\u011ferin mutlak frekans\u0131 art\u0131 \u00f6nceki de\u011ferin k\u00fcm\u00fclatif mutlak frekans\u0131n\u0131 ekleriz. <\/p>\n<figure class=\"wp-block-image aligncenter size-full is-resized\"><img decoding=\"async\" loading=\"lazy\" src=\"https:\/\/statorials.org\/wp-content\/uploads\/2023\/08\/calcul-de-frequence-absolue-cumulative.png\" alt=\"k\u00fcm\u00fclatif mutlak frekans\" class=\"wp-image-3244\" width=\"331\" height=\"405\" srcset=\"\" sizes=\"auto, \"><\/figure>\n<p> Son de\u011ferin k\u00fcm\u00fclatif mutlak frekans\u0131 her zaman toplam veri say\u0131s\u0131na kar\u015f\u0131l\u0131k gelir; hesaplamalar\u0131n do\u011fru oldu\u011funu do\u011frulamak i\u00e7in bu numaray\u0131 kullanabilirsiniz.<\/p>\n<p> Daha sonra, mutlak frekans\u0131 toplam veri noktas\u0131 say\u0131s\u0131na (30) b\u00f6lerek hesaplanan g\u00f6receli frekans\u0131 belirlememiz gerekir: <\/p>\n<figure class=\"wp-block-image aligncenter size-large is-resized\"><img decoding=\"async\" loading=\"lazy\" src=\"https:\/\/statorials.org\/wp-content\/uploads\/2023\/08\/table-de-frequence-frequence-relative.png\" alt=\"g\u00f6receli frekans\" class=\"wp-image-3550\" width=\"451\" height=\"536\" srcset=\"\" sizes=\"auto, \"><\/figure>\n<div style=\"background-color:#FFFDE7; padding-top: 10px; padding-bottom: 10px; padding-right: 20px; padding-left: 30px; border: 2.5px dashed #FFB74D; border-radius:20px;\"> <span style=\"color:#ff951b\">\u27a4<\/span> <strong>Bak\u0131n\u0131z:<\/strong> <a href=\"https:\/\/statorials.org\/tr\/goreceli-frekans\/\">ba\u011f\u0131l frekans\u0131n nas\u0131l hesapland\u0131\u011f\u0131<\/a><\/div>\n<p> T\u00fcm ba\u011f\u0131l frekanslar\u0131n toplam\u0131n\u0131n her zaman 1&#8217;e e\u015fit oldu\u011funu unutmay\u0131n; aksi takdirde bu, frekans da\u011f\u0131l\u0131m\u0131n\u0131n belirli bir hesaplamas\u0131n\u0131n yanl\u0131\u015f oldu\u011fu anlam\u0131na gelir.<\/p>\n<p> Son olarak, k\u00fcm\u00fclatif ba\u011f\u0131l frekans\u0131 \u00e7\u0131karmam\u0131z gerekiyor. Bunu yapmak i\u00e7in, s\u00f6z konusu de\u011ferin g\u00f6receli frekans\u0131n\u0131 art\u0131 t\u00fcm \u00f6nceki g\u00f6receli frekanslar\u0131 veya ayn\u0131 anlama gelen \u00f6nceki birikmi\u015f g\u00f6receli frekans\u0131 eklemelisiniz: <\/p>\n<figure class=\"wp-block-image aligncenter size-large is-resized\"><img decoding=\"async\" loading=\"lazy\" src=\"https:\/\/statorials.org\/wp-content\/uploads\/2023\/08\/frequence-tableau-relative-accumulee-frequence.png\" alt=\"k\u00fcm\u00fclatif ba\u011f\u0131l frekans\" class=\"wp-image-3552\" width=\"579\" height=\"407\" srcset=\"\" sizes=\"auto, \"><\/figure>\n<p> K\u0131saca problem verisinin t\u00fcm frekanslar\u0131 ile frekans da\u011f\u0131l\u0131m\u0131 \u015fu \u015fekildedir: <\/p>\n<figure class=\"wp-block-image aligncenter size-large is-resized\"><img decoding=\"async\" loading=\"lazy\" src=\"https:\/\/statorials.org\/wp-content\/uploads\/2023\/08\/tableau-des-frequences.png\" alt=\"frekans da\u011f\u0131l\u0131m\u0131\" class=\"wp-image-3557\" width=\"568\" height=\"408\" srcset=\"\" sizes=\"auto, \"><\/figure>\n<h2 class=\"wp-block-heading\"><span class=\"ez-toc-section\" id=\"distribucion-de-frecuencias-para-datos-agrupados\"><\/span> Grupland\u0131r\u0131lm\u0131\u015f veriler i\u00e7in frekans da\u011f\u0131l\u0131m\u0131<span class=\"ez-toc-section-end\"><\/span><\/h2>\n<p> <strong>Aral\u0131klar halinde grupland\u0131r\u0131lm\u0131\u015f veriler i\u00e7in bir frekans da\u011f\u0131l\u0131m\u0131<\/strong> yapmak i\u00e7in tek fark, veri k\u00fcmesinin \u00f6nce farkl\u0131 aral\u0131klar halinde grupland\u0131r\u0131lmas\u0131n\u0131n gerekmesidir, ancak hesaplamalar\u0131n geri kalan\u0131, frekans da\u011f\u0131l\u0131m\u0131nda oldu\u011fu gibi, veriler grupland\u0131r\u0131lmadan ayn\u0131 \u015fekilde yap\u0131l\u0131r.<\/p>\n<p> \u00d6rnek olarak, grupland\u0131r\u0131lm\u0131\u015f veriler i\u00e7in frekans da\u011f\u0131l\u0131m\u0131 olu\u015fturma problemi a\u015fa\u011f\u0131da \u00e7\u00f6z\u00fclm\u00fc\u015ft\u00fcr.<\/p>\n<ul>\n<li> 20 ki\u015finin boyu \u00f6l\u00e7\u00fcld\u00fc ve a\u015fa\u011f\u0131da belirtilen sonu\u00e7lar elde edildi. Verileri aral\u0131klara ay\u0131rarak frekans da\u011f\u0131l\u0131m\u0131 olu\u015fturun.<\/li>\n<\/ul>\n<p class=\"has-text-align-center\"><img decoding=\"async\" loading=\"lazy\" src=\"https:\/\/statorials.org\/wp-content\/ql-cache\/quicklatex.com-dabf08a3cde1b12a0a9ded21b1de245c_l3.png\" class=\"ql-img-inline-formula quicklatex-auto-format\" alt=\"1,84\\ 1,71\\ 1,75\\ 1,92\\ 1,57\\ 1,67\\ 1,94\\ 1,83\\ 1,79\\ 1,68\" title=\"Rendered by QuickLaTeX.com\" height=\"17\" width=\"397\" style=\"vertical-align: -4px;\"><\/p>\n<\/p>\n<p class=\"has-text-align-center\"><img decoding=\"async\" loading=\"lazy\" src=\"https:\/\/statorials.org\/wp-content\/ql-cache\/quicklatex.com-7c22571f0ef18923fbfb50586e3b6c29_l3.png\" class=\"ql-img-inline-formula quicklatex-auto-format\" alt=\"1,54\\ 1,61\\ 1,78\\ 1,62\\ 1,89\\ 1,80\\ 1,99\\ 1,77\\ 1,70\\ 1,63\" title=\"Rendered by QuickLaTeX.com\" height=\"17\" width=\"397\" style=\"vertical-align: -4px;\"><\/p>\n<\/p>\n<p> Bu \u00f6rnekteki veriler, say\u0131lar ondal\u0131k say\u0131 olabilece\u011finden ve dolay\u0131s\u0131yla herhangi bir de\u011feri alabilece\u011finden s\u00fcrekli bir da\u011f\u0131l\u0131m izler. Bu nedenle verileri aral\u0131klara g\u00f6re grupland\u0131rarak frekans da\u011f\u0131l\u0131m\u0131n\u0131 yapaca\u011f\u0131z.<\/p>\n<p> Bir \u00f6rne\u011fin aral\u0131klar\u0131n\u0131 olu\u015fturmak i\u00e7in \u00e7e\u015fitli matematiksel kurallar olmas\u0131na ra\u011fmen, bu durumda sadece onda 10 geni\u015fli\u011finde aral\u0131klar olu\u015fturaca\u011f\u0131z.<\/p>\n<p> B\u00f6ylece, her aral\u0131k i\u00e7in t\u00fcm frekans t\u00fcrleri hesapland\u0131ktan sonra (prosed\u00fcr yukar\u0131daki \u00f6rnektekiyle ayn\u0131d\u0131r), aral\u0131klara g\u00f6re grupland\u0131r\u0131lm\u0131\u015f verilerle frekans da\u011f\u0131l\u0131m\u0131 \u015fu \u015fekilde olur: <\/p>\n<figure class=\"wp-block-image aligncenter size-large is-resized\"><img decoding=\"async\" loading=\"lazy\" src=\"https:\/\/statorials.org\/wp-content\/uploads\/2023\/08\/table-de-frequence-pour-donnees-groupees.png\" alt=\"grupland\u0131r\u0131lm\u0131\u015f veriler i\u00e7in frekans da\u011f\u0131l\u0131m\u0131\" class=\"wp-image-3562\" width=\"608\" height=\"289\" srcset=\"\" sizes=\"auto, \"><\/figure>\n<h2 class=\"wp-block-heading\"><span class=\"ez-toc-section\" id=\"ejercicios-resueltos-de-distribuciones-de-frecuencias\"><\/span> \u00c7\u00f6z\u00fclm\u00fc\u015f frekans da\u011f\u0131l\u0131m\u0131 al\u0131\u015ft\u0131rmalar\u0131<span class=\"ez-toc-section-end\"><\/span><\/h2>\n<h3 class=\"wp-block-heading\"> 1. Egzersiz<\/h3>\n<p> 20 ki\u015fiye ayda ka\u00e7 kez sinemaya gittiklerini sorduk ve i\u015fte sonu\u00e7lar:<\/p>\n<\/p>\n<p class=\"has-text-align-center\"><img decoding=\"async\" loading=\"lazy\" src=\"https:\/\/statorials.org\/wp-content\/ql-cache\/quicklatex.com-e944bda46cad3f9299ac12e26eb6ffd5_l3.png\" class=\"ql-img-inline-formula quicklatex-auto-format\" alt=\"1\\ 3\\ 4\\ 5\\ 2\\ 3\\ 4\\ 1\\ 2\\ 2\" title=\"Rendered by QuickLaTeX.com\" height=\"13\" width=\"140\" style=\"vertical-align: 0px;\"><\/p>\n<\/p>\n<p class=\"has-text-align-center\"><img decoding=\"async\" loading=\"lazy\" src=\"https:\/\/statorials.org\/wp-content\/ql-cache\/quicklatex.com-de7852a8701ba2f0bcfff407b4304879_l3.png\" class=\"ql-img-inline-formula quicklatex-auto-format\" alt=\"3\\ 1\\ 5\\ 4\\ 3\\ 2\\ 2\\ 3\\ 1\\ 3\" title=\"Rendered by QuickLaTeX.com\" height=\"13\" width=\"142\" style=\"vertical-align: 0px;\"><\/p>\n<\/p>\n<p> Ortaya \u00e7\u0131kan veri \u00f6rne\u011fiyle bir frekans da\u011f\u0131l\u0131m\u0131 yap\u0131n. <\/p>\n<div class=\"wp-block-otfm-box-spoiler-start otfm-sp__wrapper otfm-sp__box js-otfm-sp-box__closed otfm-sp__FFF8E1\" role=\"button\" tabindex=\"0\" aria-expanded=\"false\" data-otfm-spc=\"#FFF8E1\" style=\"text-align:center\">\n<div class=\"otfm-sp__title\"> <strong>\u00c7\u00f6z\u00fcm\u00fc g\u00f6r\u00fcn<\/strong><\/div>\n<\/div>\n<p class=\"has-text-align-left\"> T\u00fcm frekans t\u00fcrlerinin hesaplamalar\u0131 ile frekans da\u011f\u0131l\u0131m\u0131 a\u015fa\u011f\u0131daki gibidir: <\/p>\n<figure class=\"wp-block-image aligncenter size-large is-resized\"><img decoding=\"async\" loading=\"lazy\" src=\"https:\/\/statorials.org\/wp-content\/uploads\/2023\/08\/exercice-tableau-de-frequences-1.png\" alt=\"\u00e7\u00f6z\u00fclm\u00fc\u015f frekans tablosu al\u0131\u015ft\u0131rmas\u0131\" class=\"wp-image-3564\" width=\"614\" height=\"291\" srcset=\"\" sizes=\"auto, \"><\/figure>\n<div class=\"wp-block-otfm-box-spoiler-end otfm-sp_end\"><\/div>\n<h3 class=\"wp-block-heading\"> Al\u0131\u015ft\u0131rma 2<\/h3>\n<p> 36 \u00e7al\u0131\u015fan\u0131 olan bir firmada \u00e7al\u0131\u015fanlar\u0131n a\u011f\u0131rl\u0131\u011f\u0131na ili\u015fkin istatistiksel bir \u00e7al\u0131\u015fma yapmak istiyorsunuz. \u0130\u015fte i\u015f\u00e7ilerin kilogram cinsinden a\u011f\u0131rl\u0131klar\u0131: <\/p>\n<\/p>\n<p class=\"has-text-align-center\"><img decoding=\"async\" loading=\"lazy\" src=\"https:\/\/statorials.org\/wp-content\/ql-cache\/quicklatex.com-ed90583564b5bb6f9552b3db7245bca0_l3.png\" class=\"ql-img-inline-formula quicklatex-auto-format\" alt=\"70,8\\quad 82,3\\quad 65,1\\quad 59,4\\quad 56,7\\quad 63,1\" title=\"Rendered by QuickLaTeX.com\" height=\"17\" width=\"295\" style=\"vertical-align: -4px;\"><\/p>\n<\/p>\n<p class=\"has-text-align-center\"><img decoding=\"async\" loading=\"lazy\" src=\"https:\/\/statorials.org\/wp-content\/ql-cache\/quicklatex.com-7a1f00d2bc7143feccd3170ab806012e_l3.png\" class=\"ql-img-inline-formula quicklatex-auto-format\" alt=\" 83,9\\quad 70,0\\quad 79,4\\quad 80,0\\quad 65,4\\quad 61,8\" title=\"Rendered by QuickLaTeX.com\" height=\"17\" width=\"296\" style=\"vertical-align: -4px;\"><\/p>\n<\/p>\n<p class=\"has-text-align-center\"><img decoding=\"async\" loading=\"lazy\" src=\"https:\/\/statorials.org\/wp-content\/ql-cache\/quicklatex.com-4da516b88eac71315c713250f71acca9_l3.png\" class=\"ql-img-inline-formula quicklatex-auto-format\" alt=\" 65,9\\quad 74,7\\quad 58,1\\quad 63,5\\quad 69,9\\quad 67,2\" title=\"Rendered by QuickLaTeX.com\" height=\"17\" width=\"295\" style=\"vertical-align: -4px;\"><\/p>\n<\/p>\n<p class=\"has-text-align-center\"><img decoding=\"async\" loading=\"lazy\" src=\"https:\/\/statorials.org\/wp-content\/ql-cache\/quicklatex.com-c5f0daccabf1e15ba38ae8502ee6bfef_l3.png\" class=\"ql-img-inline-formula quicklatex-auto-format\" alt=\" 72,1\\quad 64,5\\quad 81,8\\quad 76,4\\quad 71,5\\quad 67,5\" title=\"Rendered by QuickLaTeX.com\" height=\"17\" width=\"295\" style=\"vertical-align: -4px;\"><\/p>\n<\/p>\n<p class=\"has-text-align-center\"><img decoding=\"async\" loading=\"lazy\" src=\"https:\/\/statorials.org\/wp-content\/ql-cache\/quicklatex.com-8ed8f43f10969217bfe07a4c95774803_l3.png\" class=\"ql-img-inline-formula quicklatex-auto-format\" alt=\"61,8\\quad 71,3\\quad 82,4\\quad 62,8\\quad 66,5\\quad 71,8\" title=\"Rendered by QuickLaTeX.com\" height=\"17\" width=\"296\" style=\"vertical-align: -4px;\"><\/p>\n<\/p>\n<p class=\"has-text-align-center\"><img decoding=\"async\" loading=\"lazy\" src=\"https:\/\/statorials.org\/wp-content\/ql-cache\/quicklatex.com-cbfe5672d66e02272f46f4bf53630093_l3.png\" class=\"ql-img-inline-formula quicklatex-auto-format\" alt=\"77,9\\quad 75,0\\quad 65,6\\quad 72,9\\quad 63,0\\quad 58,1\" title=\"Rendered by QuickLaTeX.com\" height=\"17\" width=\"295\" style=\"vertical-align: -4px;\"><\/p>\n<\/p>\n<p> Grupland\u0131r\u0131lm\u0131\u015f verilerle 5 birim aral\u0131klarla frekans da\u011f\u0131l\u0131m\u0131 olu\u015fturun ve ilk aral\u0131k [55,60] olsun. <\/p>\n<div class=\"wp-block-otfm-box-spoiler-start otfm-sp__wrapper otfm-sp__box js-otfm-sp-box__closed otfm-sp__FFF8E1\" role=\"button\" tabindex=\"0\" aria-expanded=\"false\" data-otfm-spc=\"#FFF8E1\" style=\"text-align:center\">\n<div class=\"otfm-sp__title\"> <strong>\u00c7\u00f6z\u00fcm\u00fc g\u00f6r\u00fcn<\/strong><\/div>\n<\/div>\n<p class=\"has-text-align-left\"> Al\u0131\u015ft\u0131rman\u0131n \u00e7\u00f6z\u00fcm\u00fc a\u015fa\u011f\u0131daki frekans da\u011f\u0131l\u0131m\u0131d\u0131r: <\/p>\n<figure class=\"wp-block-image aligncenter size-large is-resized\"><img decoding=\"async\" loading=\"lazy\" src=\"https:\/\/statorials.org\/wp-content\/uploads\/2023\/08\/tableau-de-frequence-dexercices-resolus-pour-donnees-groupees.png\" alt=\"Aral\u0131klara g\u00f6re grupland\u0131r\u0131lm\u0131\u015f veriler i\u00e7in frekans tablosu \u00fczerinde \u00e7\u00f6z\u00fclm\u00fc\u015f al\u0131\u015ft\u0131rma\" class=\"wp-image-3567\" width=\"607\" height=\"322\" srcset=\"\" sizes=\"auto, \"><\/figure>\n<div class=\"wp-block-otfm-box-spoiler-end otfm-sp_end\"><\/div>\n","protected":false},"excerpt":{"rendered":"<p>Bu makalede frekans da\u011f\u0131l\u0131mlar\u0131n\u0131n ne oldu\u011fu ve nas\u0131l elde edildi\u011fi a\u00e7\u0131klanmaktad\u0131r. Ayr\u0131ca frekans da\u011f\u0131l\u0131mlar\u0131n\u0131n ad\u0131m ad\u0131m \u00f6rneklerini bulacaks\u0131n\u0131z ve ayr\u0131ca \u00e7\u00f6z\u00fcml\u00fc al\u0131\u015ft\u0131rmalarla pratik yapabileceksiniz. Frekans da\u011f\u0131l\u0131m\u0131 nedir? \u0130statistikte frekans da\u011f\u0131l\u0131m\u0131 , bir numunenin farkl\u0131 de\u011ferlerinin sat\u0131rlar halinde grupland\u0131r\u0131ld\u0131\u011f\u0131 ve her s\u00fctunda, her de\u011ferin frekans tipinin g\u00f6r\u00fcnt\u00fclendi\u011fi bir tablodur. Bu nedenle bir veri setindeki t\u00fcm frekans [&hellip;]<\/p>\n","protected":false},"author":1,"featured_media":0,"comment_status":"open","ping_status":"open","sticky":false,"template":"","format":"standard","meta":{"footnotes":""},"categories":[14],"tags":[],"class_list":["post-192","post","type-post","status-publish","format-standard","hentry","category-istatistik"],"yoast_head":"<!-- This site is optimized with the Yoast SEO plugin v21.3 - https:\/\/yoast.com\/wordpress\/plugins\/seo\/ -->\n<title>\u25b7 Frekans da\u011f\u0131l\u0131m\u0131 (\u00e7\u00f6z\u00fclm\u00fc\u015f al\u0131\u015ft\u0131rmalar)<\/title>\n<meta name=\"description\" content=\"Burada frekans da\u011f\u0131l\u0131m\u0131n\u0131n ne oldu\u011funu, nas\u0131l yap\u0131ld\u0131\u011f\u0131n\u0131, frekans da\u011f\u0131l\u0131m\u0131 \u00f6rneklerini ve \u00e7\u00f6z\u00fclm\u00fc\u015f al\u0131\u015ft\u0131rmalar\u0131 bulacaks\u0131n\u0131z.\" \/>\n<meta name=\"robots\" content=\"index, follow, max-snippet:-1, max-image-preview:large, max-video-preview:-1\" \/>\n<link rel=\"canonical\" href=\"https:\/\/statorials.org\/tr\/frekans-dagilimi\/\" \/>\n<meta property=\"og:locale\" content=\"tr_TR\" \/>\n<meta property=\"og:type\" content=\"article\" \/>\n<meta property=\"og:title\" content=\"\u25b7 Frekans da\u011f\u0131l\u0131m\u0131 (\u00e7\u00f6z\u00fclm\u00fc\u015f al\u0131\u015ft\u0131rmalar)\" \/>\n<meta property=\"og:description\" content=\"Burada frekans da\u011f\u0131l\u0131m\u0131n\u0131n ne oldu\u011funu, nas\u0131l yap\u0131ld\u0131\u011f\u0131n\u0131, frekans da\u011f\u0131l\u0131m\u0131 \u00f6rneklerini ve \u00e7\u00f6z\u00fclm\u00fc\u015f al\u0131\u015ft\u0131rmalar\u0131 bulacaks\u0131n\u0131z.\" \/>\n<meta property=\"og:url\" content=\"https:\/\/statorials.org\/tr\/frekans-dagilimi\/\" \/>\n<meta property=\"og:site_name\" content=\"Statorials\" \/>\n<meta property=\"article:published_time\" content=\"2023-08-04T09:41:24+00:00\" \/>\n<meta property=\"og:image\" content=\"https:\/\/statorials.org\/wp-content\/ql-cache\/quicklatex.com-0b4c2aaf8375eb7531d0723aa5ef006c_l3.png\" \/>\n<meta name=\"author\" content=\"Dr.benjamin anderson\" \/>\n<meta name=\"twitter:card\" content=\"summary_large_image\" \/>\n<meta name=\"twitter:label1\" content=\"Yazan:\" \/>\n\t<meta name=\"twitter:data1\" content=\"Dr.benjamin anderson\" \/>\n\t<meta name=\"twitter:label2\" content=\"Tahmini okuma s\u00fcresi\" \/>\n\t<meta name=\"twitter:data2\" content=\"5 dakika\" \/>\n<script type=\"application\/ld+json\" class=\"yoast-schema-graph\">{\"@context\":\"https:\/\/schema.org\",\"@graph\":[{\"@type\":\"WebPage\",\"@id\":\"https:\/\/statorials.org\/tr\/frekans-dagilimi\/\",\"url\":\"https:\/\/statorials.org\/tr\/frekans-dagilimi\/\",\"name\":\"\u25b7 Frekans da\u011f\u0131l\u0131m\u0131 (\u00e7\u00f6z\u00fclm\u00fc\u015f al\u0131\u015ft\u0131rmalar)\",\"isPartOf\":{\"@id\":\"https:\/\/statorials.org\/tr\/#website\"},\"datePublished\":\"2023-08-04T09:41:24+00:00\",\"dateModified\":\"2023-08-04T09:41:24+00:00\",\"author\":{\"@id\":\"https:\/\/statorials.org\/tr\/#\/schema\/person\/365dc158a39a7c8ae256355451e3de48\"},\"description\":\"Burada frekans da\u011f\u0131l\u0131m\u0131n\u0131n ne oldu\u011funu, nas\u0131l yap\u0131ld\u0131\u011f\u0131n\u0131, frekans da\u011f\u0131l\u0131m\u0131 \u00f6rneklerini ve \u00e7\u00f6z\u00fclm\u00fc\u015f al\u0131\u015ft\u0131rmalar\u0131 bulacaks\u0131n\u0131z.\",\"breadcrumb\":{\"@id\":\"https:\/\/statorials.org\/tr\/frekans-dagilimi\/#breadcrumb\"},\"inLanguage\":\"tr\",\"potentialAction\":[{\"@type\":\"ReadAction\",\"target\":[\"https:\/\/statorials.org\/tr\/frekans-dagilimi\/\"]}]},{\"@type\":\"BreadcrumbList\",\"@id\":\"https:\/\/statorials.org\/tr\/frekans-dagilimi\/#breadcrumb\",\"itemListElement\":[{\"@type\":\"ListItem\",\"position\":1,\"name\":\"Ev\",\"item\":\"https:\/\/statorials.org\/tr\/\"},{\"@type\":\"ListItem\",\"position\":2,\"name\":\"Frekans da\u011f\u0131l\u0131m\u0131\"}]},{\"@type\":\"WebSite\",\"@id\":\"https:\/\/statorials.org\/tr\/#website\",\"url\":\"https:\/\/statorials.org\/tr\/\",\"name\":\"Statorials\",\"description\":\"\u0130statistik okuryazarl\u0131\u011f\u0131 rehberiniz!\",\"potentialAction\":[{\"@type\":\"SearchAction\",\"target\":{\"@type\":\"EntryPoint\",\"urlTemplate\":\"https:\/\/statorials.org\/tr\/?s={search_term_string}\"},\"query-input\":\"required name=search_term_string\"}],\"inLanguage\":\"tr\"},{\"@type\":\"Person\",\"@id\":\"https:\/\/statorials.org\/tr\/#\/schema\/person\/365dc158a39a7c8ae256355451e3de48\",\"name\":\"Dr.benjamin anderson\",\"image\":{\"@type\":\"ImageObject\",\"inLanguage\":\"tr\",\"@id\":\"https:\/\/statorials.org\/tr\/#\/schema\/person\/image\/\",\"url\":\"https:\/\/statorials.org\/tr\/wp-content\/uploads\/2023\/10\/Dr.-Benjamin-Anderson-96x96.jpg\",\"contentUrl\":\"https:\/\/statorials.org\/tr\/wp-content\/uploads\/2023\/10\/Dr.-Benjamin-Anderson-96x96.jpg\",\"caption\":\"Dr.benjamin anderson\"},\"description\":\"Merhaba, ben Benjamin, emekli bir istatistik profes\u00f6r\u00fc ve Statorials \u00f6\u011fretmenine d\u00f6n\u00fc\u015ft\u00fcm. \u0130statistik alan\u0131ndaki kapsaml\u0131 deneyimim ve uzmanl\u0131\u011f\u0131mla, \u00f6\u011frencilerimi Statorials arac\u0131l\u0131\u011f\u0131yla g\u00fc\u00e7lendirmek i\u00e7in bilgilerimi payla\u015fmaya can at\u0131yorum. Daha fazlas\u0131n\u0131 bil\",\"sameAs\":[\"https:\/\/statorials.org\/tr\"]}]}<\/script>\n<!-- \/ Yoast SEO plugin. -->","yoast_head_json":{"title":"\u25b7 Frekans da\u011f\u0131l\u0131m\u0131 (\u00e7\u00f6z\u00fclm\u00fc\u015f al\u0131\u015ft\u0131rmalar)","description":"Burada frekans da\u011f\u0131l\u0131m\u0131n\u0131n ne oldu\u011funu, nas\u0131l yap\u0131ld\u0131\u011f\u0131n\u0131, frekans da\u011f\u0131l\u0131m\u0131 \u00f6rneklerini ve \u00e7\u00f6z\u00fclm\u00fc\u015f al\u0131\u015ft\u0131rmalar\u0131 bulacaks\u0131n\u0131z.","robots":{"index":"index","follow":"follow","max-snippet":"max-snippet:-1","max-image-preview":"max-image-preview:large","max-video-preview":"max-video-preview:-1"},"canonical":"https:\/\/statorials.org\/tr\/frekans-dagilimi\/","og_locale":"tr_TR","og_type":"article","og_title":"\u25b7 Frekans da\u011f\u0131l\u0131m\u0131 (\u00e7\u00f6z\u00fclm\u00fc\u015f al\u0131\u015ft\u0131rmalar)","og_description":"Burada frekans da\u011f\u0131l\u0131m\u0131n\u0131n ne oldu\u011funu, nas\u0131l yap\u0131ld\u0131\u011f\u0131n\u0131, frekans da\u011f\u0131l\u0131m\u0131 \u00f6rneklerini ve \u00e7\u00f6z\u00fclm\u00fc\u015f al\u0131\u015ft\u0131rmalar\u0131 bulacaks\u0131n\u0131z.","og_url":"https:\/\/statorials.org\/tr\/frekans-dagilimi\/","og_site_name":"Statorials","article_published_time":"2023-08-04T09:41:24+00:00","og_image":[{"url":"https:\/\/statorials.org\/wp-content\/ql-cache\/quicklatex.com-0b4c2aaf8375eb7531d0723aa5ef006c_l3.png"}],"author":"Dr.benjamin anderson","twitter_card":"summary_large_image","twitter_misc":{"Yazan:":"Dr.benjamin anderson","Tahmini okuma s\u00fcresi":"5 dakika"},"schema":{"@context":"https:\/\/schema.org","@graph":[{"@type":"WebPage","@id":"https:\/\/statorials.org\/tr\/frekans-dagilimi\/","url":"https:\/\/statorials.org\/tr\/frekans-dagilimi\/","name":"\u25b7 Frekans da\u011f\u0131l\u0131m\u0131 (\u00e7\u00f6z\u00fclm\u00fc\u015f al\u0131\u015ft\u0131rmalar)","isPartOf":{"@id":"https:\/\/statorials.org\/tr\/#website"},"datePublished":"2023-08-04T09:41:24+00:00","dateModified":"2023-08-04T09:41:24+00:00","author":{"@id":"https:\/\/statorials.org\/tr\/#\/schema\/person\/365dc158a39a7c8ae256355451e3de48"},"description":"Burada frekans da\u011f\u0131l\u0131m\u0131n\u0131n ne oldu\u011funu, nas\u0131l yap\u0131ld\u0131\u011f\u0131n\u0131, frekans da\u011f\u0131l\u0131m\u0131 \u00f6rneklerini ve \u00e7\u00f6z\u00fclm\u00fc\u015f al\u0131\u015ft\u0131rmalar\u0131 bulacaks\u0131n\u0131z.","breadcrumb":{"@id":"https:\/\/statorials.org\/tr\/frekans-dagilimi\/#breadcrumb"},"inLanguage":"tr","potentialAction":[{"@type":"ReadAction","target":["https:\/\/statorials.org\/tr\/frekans-dagilimi\/"]}]},{"@type":"BreadcrumbList","@id":"https:\/\/statorials.org\/tr\/frekans-dagilimi\/#breadcrumb","itemListElement":[{"@type":"ListItem","position":1,"name":"Ev","item":"https:\/\/statorials.org\/tr\/"},{"@type":"ListItem","position":2,"name":"Frekans da\u011f\u0131l\u0131m\u0131"}]},{"@type":"WebSite","@id":"https:\/\/statorials.org\/tr\/#website","url":"https:\/\/statorials.org\/tr\/","name":"Statorials","description":"\u0130statistik okuryazarl\u0131\u011f\u0131 rehberiniz!","potentialAction":[{"@type":"SearchAction","target":{"@type":"EntryPoint","urlTemplate":"https:\/\/statorials.org\/tr\/?s={search_term_string}"},"query-input":"required name=search_term_string"}],"inLanguage":"tr"},{"@type":"Person","@id":"https:\/\/statorials.org\/tr\/#\/schema\/person\/365dc158a39a7c8ae256355451e3de48","name":"Dr.benjamin anderson","image":{"@type":"ImageObject","inLanguage":"tr","@id":"https:\/\/statorials.org\/tr\/#\/schema\/person\/image\/","url":"https:\/\/statorials.org\/tr\/wp-content\/uploads\/2023\/10\/Dr.-Benjamin-Anderson-96x96.jpg","contentUrl":"https:\/\/statorials.org\/tr\/wp-content\/uploads\/2023\/10\/Dr.-Benjamin-Anderson-96x96.jpg","caption":"Dr.benjamin anderson"},"description":"Merhaba, ben Benjamin, emekli bir istatistik profes\u00f6r\u00fc ve Statorials \u00f6\u011fretmenine d\u00f6n\u00fc\u015ft\u00fcm. \u0130statistik alan\u0131ndaki kapsaml\u0131 deneyimim ve uzmanl\u0131\u011f\u0131mla, \u00f6\u011frencilerimi Statorials arac\u0131l\u0131\u011f\u0131yla g\u00fc\u00e7lendirmek i\u00e7in bilgilerimi payla\u015fmaya can at\u0131yorum. Daha fazlas\u0131n\u0131 bil","sameAs":["https:\/\/statorials.org\/tr"]}]}},"yoast_meta":{"yoast_wpseo_title":"","yoast_wpseo_metadesc":"","yoast_wpseo_canonical":""},"_links":{"self":[{"href":"https:\/\/statorials.org\/tr\/wp-json\/wp\/v2\/posts\/192","targetHints":{"allow":["GET"]}}],"collection":[{"href":"https:\/\/statorials.org\/tr\/wp-json\/wp\/v2\/posts"}],"about":[{"href":"https:\/\/statorials.org\/tr\/wp-json\/wp\/v2\/types\/post"}],"author":[{"embeddable":true,"href":"https:\/\/statorials.org\/tr\/wp-json\/wp\/v2\/users\/1"}],"replies":[{"embeddable":true,"href":"https:\/\/statorials.org\/tr\/wp-json\/wp\/v2\/comments?post=192"}],"version-history":[{"count":0,"href":"https:\/\/statorials.org\/tr\/wp-json\/wp\/v2\/posts\/192\/revisions"}],"wp:attachment":[{"href":"https:\/\/statorials.org\/tr\/wp-json\/wp\/v2\/media?parent=192"}],"wp:term":[{"taxonomy":"category","embeddable":true,"href":"https:\/\/statorials.org\/tr\/wp-json\/wp\/v2\/categories?post=192"},{"taxonomy":"post_tag","embeddable":true,"href":"https:\/\/statorials.org\/tr\/wp-json\/wp\/v2\/tags?post=192"}],"curies":[{"name":"wp","href":"https:\/\/api.w.org\/{rel}","templated":true}]}}